{"id":472,"date":"2020-07-19T20:13:29","date_gmt":"2020-07-19T20:13:29","guid":{"rendered":"https:\/\/finals.healthmanagementdc.ch\/?p=472"},"modified":"2020-08-31T08:25:15","modified_gmt":"2020-08-31T08:25:15","slug":"lagilite-emotionnelle-ou-comment-developper-notre-6eme-sens","status":"publish","type":"post","link":"https:\/\/healthmanagementdc.ch\/fr\/lagilite-emotionnelle-ou-comment-developper-notre-6eme-sens\/","title":{"rendered":"L&rsquo;agilit\u00e9 \u00e9motionnelle, ou comment d\u00e9velopper notre 6\u00e8me sens"},"content":{"rendered":"\n<p>Durant cette r\u00e9cente p\u00e9riode de covid-19, le monde a \u00e9t\u00e9 uni par un mal commun : la perte d&rsquo;\u00e9quilibre de nos \u00e9motions. Quels que soient les sentiments que vous avez ressentis pendant cette p\u00e9riode, et que vous ressentez peut-\u00eatre encore aujourd&rsquo;hui, \u00e0 savoir la peur, l&rsquo;anxi\u00e9t\u00e9, la solitude, la col\u00e8re, la tristesse, la frustration, vous n&rsquo;\u00eates pas seul(e). Et surtout, ressentir de telles \u00e9motions est normal, c&rsquo;est ce qui fait la beaut\u00e9 et la fragilit\u00e9 de la vie : tout n&rsquo;est pas rose.<\/p>\n\n\n\n<p>Au cours des 20 derni\u00e8res ann\u00e9es, nous avons vu l&rsquo;\u00e9mergence et surtout l&rsquo;importance que la psychologie positive a pris dans notre mode de vie. \u00catre heureux, \u00eatre positif est devenu notre mantra. Nous jugeons la joie, la positivit\u00e9 comme les seules \u00e9motions que nous devons ressentir, et nous ne sommes plus \u00e0 l&rsquo;aise avec nos \u00e9motions \u00ab\u00a0n\u00e9gatives\u00a0\u00bb.<\/p>\n\n\n\n<p>Martin Seligman est un chercheur en psychologie et un des pionniers de la psychologie positive dans les ann\u00e9es 1990. Cependant, ce terme a \u00e9t\u00e9 invent\u00e9 bien plus t\u00f4t par Abraham Maslow, et sa c\u00e9l\u00e8bre explication de la motivation par la hi\u00e9rarchie des besoins repr\u00e9sent\u00e9e par sa Hi\u00e9rarchie des besoins (de Maslow).<\/p>\n\n\n\n<p>M. Seligman, comme d&rsquo;autres psychologues de renom tels que Ed Diener et Mihaly Csiskzenmihalyi, ont approfondi l&rsquo;\u00e9tude des \u00e9motions positives dans une perspective scientifique et rigoureuse, en v\u00e9rifiant quels processus, dynamiques et situations peuvent avoir un impact plus important sur notre sant\u00e9, nos performances et notre satisfaction g\u00e9n\u00e9rale dans la vie.<\/p>\n\n\n\n<p>S&rsquo;il est effectivement important de cultiver l&rsquo;optimisme et que les r\u00e9sultats concluants de d\u00e9cennies de recherche en psychologie positive ne sont plus \u00e0 d\u00e9montrer, il est extr\u00eamement important de ne pas ignorer, supprimer ou mettre de c\u00f4t\u00e9 nos \u00e9motions difficiles ou n\u00e9gatives. C&rsquo;est l\u00e0 que l&rsquo;agilit\u00e9 \u00e9motionnelle prend tout son sens.<\/p>\n\n\n\n<p>L&rsquo;agilit\u00e9 \u00e9motionnelle est la capacit\u00e9 \u00e0 traverser les nombreuses difficult\u00e9s que la vie nous lance, sans jugement et avec acceptation, pr\u00e9voyance et ouverture d&rsquo;esprit. Ce processus ne consiste pas \u00e0 ignorer les \u00e9motions ou les pens\u00e9es difficiles, mais \u00e0 les vivre et \u00e0 les affronter avec courage et compassion pour soi-m\u00eame.<\/p>\n\n\n\n<p>Nous devons la popularit\u00e9 de ce terme \u00e0 la psychologue Susan David, professeur \u00e0 la Harvard Medical School, qui a d\u00e9velopp\u00e9 ce concept apr\u00e8s avoir \u00e9tudi\u00e9 les \u00e9motions, le bonheur et la r\u00e9ussite pendant plus de vingt ans.<\/p>\n\n\n\n<p>Elle a d\u00e9couvert qu&rsquo;ind\u00e9pendamment de l&rsquo;intelligence ou de la cr\u00e9ativit\u00e9 des gens, quel que soit leur type de personnalit\u00e9, c&rsquo;est la fa\u00e7on dont ils g\u00e8rent leur moi int\u00e9rieur &#8211; leurs pens\u00e9es, leurs sentiments, leurs \u00e9motions et leur dialogue interne &#8211; qui d\u00e9termine en fin de compte leur r\u00e9ussite dans leur vie professionnelle et priv\u00e9e.<\/p>\n\n\n\n<p>Les recherches montrent qu&rsquo;en utilisant notre \u00e9nergie pour tenter de supprimer ou m\u00eame d&rsquo;ignorer les \u00e9motions n\u00e9gatives, telles que la peur, l&rsquo;anxi\u00e9t\u00e9, le doute, la col\u00e8re, nous restons bloqu\u00e9s dans la situation \u00e0 l&rsquo;origine de ces \u00e9motions, et les pens\u00e9es n\u00e9gatives tournent en boucle dans notre t\u00eate.<\/p>\n\n\n\n<p>En pratiquant l&rsquo;agilit\u00e9 \u00e9motionnelle, en accueillant ces pens\u00e9es n\u00e9gatives avec gentillesse, nous pouvons r\u00e9colter de grands b\u00e9n\u00e9fices, tels que : la r\u00e9duction du stress, la r\u00e9duction du nombre d&rsquo;erreurs, l&rsquo;augmentation de la cr\u00e9ativit\u00e9, l&rsquo;am\u00e9lioration des performances.<\/p>\n\n\n\n<p>Dans un article de Harvard Business Review, Susan David et Christina Congleton ont identifi\u00e9 quatre pratiques qui peuvent nous aider \u00e0 devenir plus agiles \u00e9motionnellement :<\/p>\n\n\n\n<h4 class=\"wp-block-heading\"><strong>Soyez conscient de l&rsquo;\u00e9motion<\/strong><\/h4>\n\n\n\n<div style=\"height:20px\" aria-hidden=\"true\" class=\"wp-block-spacer\"><\/div>\n\n\n\n<p>Premi\u00e8rement, il est important d&rsquo;\u00eatre conscient du moment o\u00f9 ces \u00e9motions et pens\u00e9es se bouclent dans notre t\u00eate. Pour cela, l&rsquo;une des meilleures techniques est de pratiquer la pleine conscience, d&rsquo;\u00eatre ou de revenir au moment pr\u00e9sent. \u00catre conscient nous permet de r\u00e9aliser que cela fait 5 minutes que nous avons la m\u00eame pens\u00e9e qui nous emp\u00eache d&rsquo;avancer. Cette pens\u00e9e &#8211; g\u00e9n\u00e9ralement r\u00e9currente &#8211; peut \u00eatre : Je ne suis pas l\u00e9gitime dans mon r\u00f4le, ou mon manager est incomp\u00e9tent et je refuse de le laisser me parler sur un ton aussi irrespectueux.<\/p>\n\n\n\n<h4 class=\"wp-block-heading\"><strong>Donnez un nom \u00e0 cette \u00e9motion<\/strong><\/h4>\n\n\n\n<div style=\"height:20px\" aria-hidden=\"true\" class=\"wp-block-spacer\"><\/div>\n\n\n\n<p>Une fois que vous \u00eates conscient de cette pens\u00e9e, \u00e9tiquetez-la, nommez-la. Par exemple, si votre pens\u00e9e est que vous ne vous sentez pas l\u00e9gitime dans votre r\u00f4le, nommez cette pens\u00e9e comme : J&rsquo;ai la pens\u00e9e ou la croyance que je ne suis pas l\u00e9gitime dans mon r\u00f4le. En nommant votre pens\u00e9e de cette fa\u00e7on, vous pouvez voir cette pens\u00e9e ou cette \u00e9motion comme ce qu&rsquo;elle est, \u00e0 savoir une pens\u00e9e qui ne fait que passer dans votre cerveau, et qui peut \u00eatre utile ou non.<\/p>\n\n\n\n<h4 class=\"wp-block-heading\"><strong>Accepter cette \u00e9motion<\/strong><\/h4>\n\n\n\n<div style=\"height:20px\" aria-hidden=\"true\" class=\"wp-block-spacer\"><\/div>\n\n\n\n<p>Pas facile \u00e0 faire, je suis d&rsquo;accord, mais cette \u00e9tape est essentielle pour d\u00e9velopper cette agilit\u00e9 \u00e9motionnelle indispensable \u00e0 votre \u00e9quilibre. L&rsquo;acceptation est l&rsquo;oppos\u00e9 du contr\u00f4le, et souvent les \u00e9motions prennent le contr\u00f4le de notre vie. Cela signifie qu&rsquo;au lieu de r\u00e9agir avec col\u00e8re lorsque votre manager vous parle sur un ton qui ne vous pla\u00eet pas, concentrez-vous sur le sentiment que l&rsquo;\u00e9motion g\u00e9n\u00e8re au plus profond de vous, avec une attitude ouverte de curiosit\u00e9. Cela ne diminuera pas votre col\u00e8re, mais vous r\u00e9aliserez peut-\u00eatre \u00e0 quel point cette \u00e9motion de col\u00e8re vous secoue, et surtout pourquoi vous la ressentez si fortement. C&rsquo;est la premi\u00e8re \u00e9tape pour trouver une solution.<\/p>\n\n\n\n<h4 class=\"wp-block-heading\"><strong>Reconnectez-vous \u00e0 vos valeurs<\/strong><\/h4>\n\n\n\n<div style=\"height:20px\" aria-hidden=\"true\" class=\"wp-block-spacer\"><\/div>\n\n\n\n<p>Une fois que cette \u00e9motion est nomm\u00e9e et accept\u00e9e, il est plus facile de s&rsquo;en s\u00e9parer. Lorsque vous \u00eates en col\u00e8re, vous n&rsquo;\u00eates pas la col\u00e8re. En d&rsquo;autres termes, la col\u00e8re n&rsquo;est pas vous, elle ne vous d\u00e9finit pas. Une fois que vous \u00eates lib\u00e9r\u00e9 de cette \u00e9motion \u00ab\u00a0n\u00e9gative\u00a0\u00bb, vous pouvez vous concentrer sur ce qui est important dans votre vie, \u00e0 savoir vos valeurs. Les \u00e9motions fluctuent, elles changent comme la m\u00e9t\u00e9o, contrairement \u00e0 vos valeurs qui restent stables et vous d\u00e9finissent. Si les \u00e9motions sont importantes dans notre vie, elles ne doivent pas influencer nos d\u00e9cisions, seules nos valeurs doivent guider nos d\u00e9cisions.<\/p>\n\n\n\n<p>Cette rencontre avec nos \u00e9motions, nos pens\u00e9es, qu&rsquo;elles soient n\u00e9gatives ou m\u00eame positives, reste fondamentale pour nous aider \u00e0 \u00eatre plus agiles \u00e9motionnellement. Katherine T. Peil, affili\u00e9e \u00e0 la Northeastern University et \u00e0 la Harvard Divinity School, va encore plus loin dans son article sur l&rsquo;\u00e9motion : The Self-Regulatory Sense\u00a0\u00bb, dans lequel elle d\u00e9crit les \u00e9motions comme un syst\u00e8me sensoriel \u00e0 part enti\u00e8re. Pour elle, les \u00e9motions ne sont pas une affliction ou une faiblesse, ni un aspect g\u00eanant de notre psych\u00e9 qui nous fait dire ou faire des choses que nous regrettons ensuite, mais plut\u00f4t un syst\u00e8me sensoriel, comme la vue, le toucher, l&rsquo;ou\u00efe, qui nous fournit un flux continu d&rsquo;informations pertinentes qui nous aide \u00e0 orienter notre comportement.<\/p>\n","protected":false},"excerpt":{"rendered":"<p>Durant cette r\u00e9cente p\u00e9riode de covid-19, le monde a \u00e9t\u00e9 uni par un mal commun : la perte d&rsquo;\u00e9quilibre de nos \u00e9motions. Quels que soient les sentiments que vous avez ressentis pendant cette p\u00e9riode, et que vous ressentez peut-\u00eatre encore aujourd&rsquo;hui, \u00e0 savoir la peur, l&rsquo;anxi\u00e9t\u00e9, la solitude, la col\u00e8re, la tristesse, la frustration, vous [&hellip;]<\/p>\n","protected":false},"author":2,"featured_media":107,"comment_status":"open","ping_status":"closed","sticky":false,"template":"","format":"standard","meta":{"site-sidebar-layout":"default","site-content-layout":"default","ast-site-content-layout":"default","site-content-style":"default","site-sidebar-style":"default","ast-global-header-display":"","ast-banner-title-visibility":"","ast-main-header-display":"","ast-hfb-above-header-display":"","ast-hfb-below-header-display":"","ast-hfb-mobile-header-display":"","site-post-title":"","ast-breadcrumbs-content":"","ast-featured-img":"","footer-sml-layout":"","ast-disable-related-posts":"","theme-transparent-header-meta":"default","adv-header-id-meta":"","stick-header-meta":"","header-above-stick-meta":"","header-main-stick-meta":"","header-below-stick-meta":"","astra-migrate-meta-layouts":"default","ast-page-background-enabled":"default","ast-page-background-meta":{"desktop":{"background-color":"","background-image":"","background-repeat":"repeat","background-position":"center center","background-size":"auto","background-attachment":"scroll","background-type":"","background-media":"","overlay-type":"","overlay-color":"","overlay-opacity":"","overlay-gradient":""},"tablet":{"background-color":"","background-image":"","background-repeat":"repeat","background-position":"center center","background-size":"auto","background-attachment":"scroll","background-type":"","background-media":"","overlay-type":"","overlay-color":"","overlay-opacity":"","overlay-gradient":""},"mobile":{"background-color":"","background-image":"","background-repeat":"repeat","background-position":"center center","background-size":"auto","background-attachment":"scroll","background-type":"","background-media":"","overlay-type":"","overlay-color":"","overlay-opacity":"","overlay-gradient":""}},"ast-content-background-meta":{"desktop":{"background-color":"var(--ast-global-color-5)","background-image":"","background-repeat":"repeat","background-position":"center center","background-size":"auto","background-attachment":"scroll","background-type":"","background-media":"","overlay-type":"","overlay-color":"","overlay-opacity":"","overlay-gradient":""},"tablet":{"background-color":"var(--ast-global-color-5)","background-image":"","background-repeat":"repeat","background-position":"center center","background-size":"auto","background-attachment":"scroll","background-type":"","background-media":"","overlay-type":"","overlay-color":"","overlay-opacity":"","overlay-gradient":""},"mobile":{"background-color":"var(--ast-global-color-5)","background-image":"","background-repeat":"repeat","background-position":"center center","background-size":"auto","background-attachment":"scroll","background-type":"","background-media":"","overlay-type":"","overlay-color":"","overlay-opacity":"","overlay-gradient":""}},"footnotes":""},"categories":[14],"tags":[],"class_list":["post-472","post","type-post","status-publish","format-standard","has-post-thumbnail","hentry","category-lifestyle-2"],"yoast_head":"<!-- This site is optimized with the Yoast SEO plugin v27.3 - https:\/\/yoast.com\/product\/yoast-seo-wordpress\/ -->\n<title>L&#039;agilit\u00e9 \u00e9motionnelle, ou comment d\u00e9velopper notre 6\u00e8me sens - Health Management DC<\/title>\n<meta name=\"robots\" content=\"index, follow, max-snippet:-1, max-image-preview:large, max-video-preview:-1\" \/>\n<link rel=\"canonical\" href=\"https:\/\/healthmanagementdc.ch\/fr\/lagilite-emotionnelle-ou-comment-developper-notre-6eme-sens\/\" \/>\n<meta property=\"og:locale\" content=\"fr_FR\" \/>\n<meta property=\"og:type\" content=\"article\" \/>\n<meta property=\"og:title\" content=\"L&#039;agilit\u00e9 \u00e9motionnelle, ou comment d\u00e9velopper notre 6\u00e8me sens - Health Management DC\" \/>\n<meta property=\"og:description\" content=\"Durant cette r\u00e9cente p\u00e9riode de covid-19, le monde a \u00e9t\u00e9 uni par un mal commun : la perte d&rsquo;\u00e9quilibre de nos \u00e9motions. Quels que soient les sentiments que vous avez ressentis pendant cette p\u00e9riode, et que vous ressentez peut-\u00eatre encore aujourd&rsquo;hui, \u00e0 savoir la peur, l&rsquo;anxi\u00e9t\u00e9, la solitude, la col\u00e8re, la tristesse, la frustration, vous [&hellip;]\" \/>\n<meta property=\"og:url\" content=\"https:\/\/healthmanagementdc.ch\/fr\/lagilite-emotionnelle-ou-comment-developper-notre-6eme-sens\/\" \/>\n<meta property=\"og:site_name\" content=\"Health Management DC\" \/>\n<meta property=\"article:published_time\" content=\"2020-07-19T20:13:29+00:00\" \/>\n<meta property=\"article:modified_time\" content=\"2020-08-31T08:25:15+00:00\" \/>\n<meta property=\"og:image\" content=\"https:\/\/healthmanagementdc.ch\/wp-content\/uploads\/2020\/08\/5f132f4372c62245d164411d_Emotional-Agility.png\" \/>\n\t<meta property=\"og:image:width\" content=\"1179\" \/>\n\t<meta property=\"og:image:height\" content=\"792\" \/>\n\t<meta property=\"og:image:type\" content=\"image\/png\" \/>\n<meta name=\"author\" content=\"Delphine Caprez\" \/>\n<meta name=\"twitter:card\" content=\"summary_large_image\" \/>\n<meta name=\"twitter:label1\" content=\"\u00c9crit par\" \/>\n\t<meta name=\"twitter:data1\" content=\"Delphine Caprez\" \/>\n\t<meta name=\"twitter:label2\" content=\"Dur\u00e9e de lecture estim\u00e9e\" \/>\n\t<meta name=\"twitter:data2\" content=\"6 minutes\" \/>\n<script type=\"application\/ld+json\" class=\"yoast-schema-graph\">{\"@context\":\"https:\\\/\\\/schema.org\",\"@graph\":[{\"@type\":\"Article\",\"@id\":\"https:\\\/\\\/healthmanagementdc.ch\\\/fr\\\/lagilite-emotionnelle-ou-comment-developper-notre-6eme-sens\\\/#article\",\"isPartOf\":{\"@id\":\"https:\\\/\\\/healthmanagementdc.ch\\\/fr\\\/lagilite-emotionnelle-ou-comment-developper-notre-6eme-sens\\\/\"},\"author\":{\"name\":\"Delphine Caprez\",\"@id\":\"https:\\\/\\\/healthmanagementdc.ch\\\/#\\\/schema\\\/person\\\/c7eeb03ca22f383deabd468430778c78\"},\"headline\":\"L&rsquo;agilit\u00e9 \u00e9motionnelle, ou comment d\u00e9velopper notre 6\u00e8me sens\",\"datePublished\":\"2020-07-19T20:13:29+00:00\",\"dateModified\":\"2020-08-31T08:25:15+00:00\",\"mainEntityOfPage\":{\"@id\":\"https:\\\/\\\/healthmanagementdc.ch\\\/fr\\\/lagilite-emotionnelle-ou-comment-developper-notre-6eme-sens\\\/\"},\"wordCount\":1226,\"commentCount\":0,\"publisher\":{\"@id\":\"https:\\\/\\\/healthmanagementdc.ch\\\/#organization\"},\"image\":{\"@id\":\"https:\\\/\\\/healthmanagementdc.ch\\\/fr\\\/lagilite-emotionnelle-ou-comment-developper-notre-6eme-sens\\\/#primaryimage\"},\"thumbnailUrl\":\"https:\\\/\\\/healthmanagementdc.ch\\\/wp-content\\\/uploads\\\/2020\\\/08\\\/5f132f4372c62245d164411d_Emotional-Agility.png\",\"articleSection\":[\"Lifestyle\"],\"inLanguage\":\"fr-FR\",\"potentialAction\":[{\"@type\":\"CommentAction\",\"name\":\"Comment\",\"target\":[\"https:\\\/\\\/healthmanagementdc.ch\\\/fr\\\/lagilite-emotionnelle-ou-comment-developper-notre-6eme-sens\\\/#respond\"]}]},{\"@type\":\"WebPage\",\"@id\":\"https:\\\/\\\/healthmanagementdc.ch\\\/fr\\\/lagilite-emotionnelle-ou-comment-developper-notre-6eme-sens\\\/\",\"url\":\"https:\\\/\\\/healthmanagementdc.ch\\\/fr\\\/lagilite-emotionnelle-ou-comment-developper-notre-6eme-sens\\\/\",\"name\":\"L'agilit\u00e9 \u00e9motionnelle, ou comment d\u00e9velopper notre 6\u00e8me sens - Health Management DC\",\"isPartOf\":{\"@id\":\"https:\\\/\\\/healthmanagementdc.ch\\\/#website\"},\"primaryImageOfPage\":{\"@id\":\"https:\\\/\\\/healthmanagementdc.ch\\\/fr\\\/lagilite-emotionnelle-ou-comment-developper-notre-6eme-sens\\\/#primaryimage\"},\"image\":{\"@id\":\"https:\\\/\\\/healthmanagementdc.ch\\\/fr\\\/lagilite-emotionnelle-ou-comment-developper-notre-6eme-sens\\\/#primaryimage\"},\"thumbnailUrl\":\"https:\\\/\\\/healthmanagementdc.ch\\\/wp-content\\\/uploads\\\/2020\\\/08\\\/5f132f4372c62245d164411d_Emotional-Agility.png\",\"datePublished\":\"2020-07-19T20:13:29+00:00\",\"dateModified\":\"2020-08-31T08:25:15+00:00\",\"breadcrumb\":{\"@id\":\"https:\\\/\\\/healthmanagementdc.ch\\\/fr\\\/lagilite-emotionnelle-ou-comment-developper-notre-6eme-sens\\\/#breadcrumb\"},\"inLanguage\":\"fr-FR\",\"potentialAction\":[{\"@type\":\"ReadAction\",\"target\":[\"https:\\\/\\\/healthmanagementdc.ch\\\/fr\\\/lagilite-emotionnelle-ou-comment-developper-notre-6eme-sens\\\/\"]}]},{\"@type\":\"ImageObject\",\"inLanguage\":\"fr-FR\",\"@id\":\"https:\\\/\\\/healthmanagementdc.ch\\\/fr\\\/lagilite-emotionnelle-ou-comment-developper-notre-6eme-sens\\\/#primaryimage\",\"url\":\"https:\\\/\\\/healthmanagementdc.ch\\\/wp-content\\\/uploads\\\/2020\\\/08\\\/5f132f4372c62245d164411d_Emotional-Agility.png\",\"contentUrl\":\"https:\\\/\\\/healthmanagementdc.ch\\\/wp-content\\\/uploads\\\/2020\\\/08\\\/5f132f4372c62245d164411d_Emotional-Agility.png\",\"width\":1179,\"height\":792},{\"@type\":\"BreadcrumbList\",\"@id\":\"https:\\\/\\\/healthmanagementdc.ch\\\/fr\\\/lagilite-emotionnelle-ou-comment-developper-notre-6eme-sens\\\/#breadcrumb\",\"itemListElement\":[{\"@type\":\"ListItem\",\"position\":1,\"name\":\"Home\",\"item\":\"https:\\\/\\\/healthmanagementdc.ch\\\/fr\\\/\"},{\"@type\":\"ListItem\",\"position\":2,\"name\":\"L&rsquo;agilit\u00e9 \u00e9motionnelle, ou comment d\u00e9velopper notre 6\u00e8me sens\"}]},{\"@type\":\"WebSite\",\"@id\":\"https:\\\/\\\/healthmanagementdc.ch\\\/#website\",\"url\":\"https:\\\/\\\/healthmanagementdc.ch\\\/\",\"name\":\"Health Management DC\",\"description\":\"Just another WordPress site\",\"publisher\":{\"@id\":\"https:\\\/\\\/healthmanagementdc.ch\\\/#organization\"},\"potentialAction\":[{\"@type\":\"SearchAction\",\"target\":{\"@type\":\"EntryPoint\",\"urlTemplate\":\"https:\\\/\\\/healthmanagementdc.ch\\\/?s={search_term_string}\"},\"query-input\":{\"@type\":\"PropertyValueSpecification\",\"valueRequired\":true,\"valueName\":\"search_term_string\"}}],\"inLanguage\":\"fr-FR\"},{\"@type\":\"Organization\",\"@id\":\"https:\\\/\\\/healthmanagementdc.ch\\\/#organization\",\"name\":\"Health Management DC\",\"url\":\"https:\\\/\\\/healthmanagementdc.ch\\\/\",\"logo\":{\"@type\":\"ImageObject\",\"inLanguage\":\"fr-FR\",\"@id\":\"https:\\\/\\\/healthmanagementdc.ch\\\/#\\\/schema\\\/logo\\\/image\\\/\",\"url\":\"https:\\\/\\\/healthmanagementdc.ch\\\/wp-content\\\/uploads\\\/2020\\\/08\\\/cropped-logo-hmdc-final-01.png\",\"contentUrl\":\"https:\\\/\\\/healthmanagementdc.ch\\\/wp-content\\\/uploads\\\/2020\\\/08\\\/cropped-logo-hmdc-final-01.png\",\"width\":824,\"height\":215,\"caption\":\"Health Management DC\"},\"image\":{\"@id\":\"https:\\\/\\\/healthmanagementdc.ch\\\/#\\\/schema\\\/logo\\\/image\\\/\"}},{\"@type\":\"Person\",\"@id\":\"https:\\\/\\\/healthmanagementdc.ch\\\/#\\\/schema\\\/person\\\/c7eeb03ca22f383deabd468430778c78\",\"name\":\"Delphine Caprez\",\"image\":{\"@type\":\"ImageObject\",\"inLanguage\":\"fr-FR\",\"@id\":\"https:\\\/\\\/healthmanagementdc.ch\\\/wp-content\\\/uploads\\\/2020\\\/08\\\/DELPHINE-avatar.png\",\"url\":\"https:\\\/\\\/healthmanagementdc.ch\\\/wp-content\\\/uploads\\\/2020\\\/08\\\/DELPHINE-avatar.png\",\"contentUrl\":\"https:\\\/\\\/healthmanagementdc.ch\\\/wp-content\\\/uploads\\\/2020\\\/08\\\/DELPHINE-avatar.png\",\"caption\":\"Delphine Caprez\"},\"url\":\"https:\\\/\\\/healthmanagementdc.ch\\\/fr\\\/author\\\/delphine-caprez\\\/\"}]}<\/script>\n<!-- \/ Yoast SEO plugin. -->","yoast_head_json":{"title":"L'agilit\u00e9 \u00e9motionnelle, ou comment d\u00e9velopper notre 6\u00e8me sens - Health Management DC","robots":{"index":"index","follow":"follow","max-snippet":"max-snippet:-1","max-image-preview":"max-image-preview:large","max-video-preview":"max-video-preview:-1"},"canonical":"https:\/\/healthmanagementdc.ch\/fr\/lagilite-emotionnelle-ou-comment-developper-notre-6eme-sens\/","og_locale":"fr_FR","og_type":"article","og_title":"L'agilit\u00e9 \u00e9motionnelle, ou comment d\u00e9velopper notre 6\u00e8me sens - Health Management DC","og_description":"Durant cette r\u00e9cente p\u00e9riode de covid-19, le monde a \u00e9t\u00e9 uni par un mal commun : la perte d&rsquo;\u00e9quilibre de nos \u00e9motions. Quels que soient les sentiments que vous avez ressentis pendant cette p\u00e9riode, et que vous ressentez peut-\u00eatre encore aujourd&rsquo;hui, \u00e0 savoir la peur, l&rsquo;anxi\u00e9t\u00e9, la solitude, la col\u00e8re, la tristesse, la frustration, vous [&hellip;]","og_url":"https:\/\/healthmanagementdc.ch\/fr\/lagilite-emotionnelle-ou-comment-developper-notre-6eme-sens\/","og_site_name":"Health Management DC","article_published_time":"2020-07-19T20:13:29+00:00","article_modified_time":"2020-08-31T08:25:15+00:00","og_image":[{"width":1179,"height":792,"url":"https:\/\/healthmanagementdc.ch\/wp-content\/uploads\/2020\/08\/5f132f4372c62245d164411d_Emotional-Agility.png","type":"image\/png"}],"author":"Delphine Caprez","twitter_card":"summary_large_image","twitter_misc":{"\u00c9crit par":"Delphine Caprez","Dur\u00e9e de lecture estim\u00e9e":"6 minutes"},"schema":{"@context":"https:\/\/schema.org","@graph":[{"@type":"Article","@id":"https:\/\/healthmanagementdc.ch\/fr\/lagilite-emotionnelle-ou-comment-developper-notre-6eme-sens\/#article","isPartOf":{"@id":"https:\/\/healthmanagementdc.ch\/fr\/lagilite-emotionnelle-ou-comment-developper-notre-6eme-sens\/"},"author":{"name":"Delphine Caprez","@id":"https:\/\/healthmanagementdc.ch\/#\/schema\/person\/c7eeb03ca22f383deabd468430778c78"},"headline":"L&rsquo;agilit\u00e9 \u00e9motionnelle, ou comment d\u00e9velopper notre 6\u00e8me sens","datePublished":"2020-07-19T20:13:29+00:00","dateModified":"2020-08-31T08:25:15+00:00","mainEntityOfPage":{"@id":"https:\/\/healthmanagementdc.ch\/fr\/lagilite-emotionnelle-ou-comment-developper-notre-6eme-sens\/"},"wordCount":1226,"commentCount":0,"publisher":{"@id":"https:\/\/healthmanagementdc.ch\/#organization"},"image":{"@id":"https:\/\/healthmanagementdc.ch\/fr\/lagilite-emotionnelle-ou-comment-developper-notre-6eme-sens\/#primaryimage"},"thumbnailUrl":"https:\/\/healthmanagementdc.ch\/wp-content\/uploads\/2020\/08\/5f132f4372c62245d164411d_Emotional-Agility.png","articleSection":["Lifestyle"],"inLanguage":"fr-FR","potentialAction":[{"@type":"CommentAction","name":"Comment","target":["https:\/\/healthmanagementdc.ch\/fr\/lagilite-emotionnelle-ou-comment-developper-notre-6eme-sens\/#respond"]}]},{"@type":"WebPage","@id":"https:\/\/healthmanagementdc.ch\/fr\/lagilite-emotionnelle-ou-comment-developper-notre-6eme-sens\/","url":"https:\/\/healthmanagementdc.ch\/fr\/lagilite-emotionnelle-ou-comment-developper-notre-6eme-sens\/","name":"L'agilit\u00e9 \u00e9motionnelle, ou comment d\u00e9velopper notre 6\u00e8me sens - Health Management DC","isPartOf":{"@id":"https:\/\/healthmanagementdc.ch\/#website"},"primaryImageOfPage":{"@id":"https:\/\/healthmanagementdc.ch\/fr\/lagilite-emotionnelle-ou-comment-developper-notre-6eme-sens\/#primaryimage"},"image":{"@id":"https:\/\/healthmanagementdc.ch\/fr\/lagilite-emotionnelle-ou-comment-developper-notre-6eme-sens\/#primaryimage"},"thumbnailUrl":"https:\/\/healthmanagementdc.ch\/wp-content\/uploads\/2020\/08\/5f132f4372c62245d164411d_Emotional-Agility.png","datePublished":"2020-07-19T20:13:29+00:00","dateModified":"2020-08-31T08:25:15+00:00","breadcrumb":{"@id":"https:\/\/healthmanagementdc.ch\/fr\/lagilite-emotionnelle-ou-comment-developper-notre-6eme-sens\/#breadcrumb"},"inLanguage":"fr-FR","potentialAction":[{"@type":"ReadAction","target":["https:\/\/healthmanagementdc.ch\/fr\/lagilite-emotionnelle-ou-comment-developper-notre-6eme-sens\/"]}]},{"@type":"ImageObject","inLanguage":"fr-FR","@id":"https:\/\/healthmanagementdc.ch\/fr\/lagilite-emotionnelle-ou-comment-developper-notre-6eme-sens\/#primaryimage","url":"https:\/\/healthmanagementdc.ch\/wp-content\/uploads\/2020\/08\/5f132f4372c62245d164411d_Emotional-Agility.png","contentUrl":"https:\/\/healthmanagementdc.ch\/wp-content\/uploads\/2020\/08\/5f132f4372c62245d164411d_Emotional-Agility.png","width":1179,"height":792},{"@type":"BreadcrumbList","@id":"https:\/\/healthmanagementdc.ch\/fr\/lagilite-emotionnelle-ou-comment-developper-notre-6eme-sens\/#breadcrumb","itemListElement":[{"@type":"ListItem","position":1,"name":"Home","item":"https:\/\/healthmanagementdc.ch\/fr\/"},{"@type":"ListItem","position":2,"name":"L&rsquo;agilit\u00e9 \u00e9motionnelle, ou comment d\u00e9velopper notre 6\u00e8me sens"}]},{"@type":"WebSite","@id":"https:\/\/healthmanagementdc.ch\/#website","url":"https:\/\/healthmanagementdc.ch\/","name":"Health Management DC","description":"Just another WordPress site","publisher":{"@id":"https:\/\/healthmanagementdc.ch\/#organization"},"potentialAction":[{"@type":"SearchAction","target":{"@type":"EntryPoint","urlTemplate":"https:\/\/healthmanagementdc.ch\/?s={search_term_string}"},"query-input":{"@type":"PropertyValueSpecification","valueRequired":true,"valueName":"search_term_string"}}],"inLanguage":"fr-FR"},{"@type":"Organization","@id":"https:\/\/healthmanagementdc.ch\/#organization","name":"Health Management DC","url":"https:\/\/healthmanagementdc.ch\/","logo":{"@type":"ImageObject","inLanguage":"fr-FR","@id":"https:\/\/healthmanagementdc.ch\/#\/schema\/logo\/image\/","url":"https:\/\/healthmanagementdc.ch\/wp-content\/uploads\/2020\/08\/cropped-logo-hmdc-final-01.png","contentUrl":"https:\/\/healthmanagementdc.ch\/wp-content\/uploads\/2020\/08\/cropped-logo-hmdc-final-01.png","width":824,"height":215,"caption":"Health Management DC"},"image":{"@id":"https:\/\/healthmanagementdc.ch\/#\/schema\/logo\/image\/"}},{"@type":"Person","@id":"https:\/\/healthmanagementdc.ch\/#\/schema\/person\/c7eeb03ca22f383deabd468430778c78","name":"Delphine Caprez","image":{"@type":"ImageObject","inLanguage":"fr-FR","@id":"https:\/\/healthmanagementdc.ch\/wp-content\/uploads\/2020\/08\/DELPHINE-avatar.png","url":"https:\/\/healthmanagementdc.ch\/wp-content\/uploads\/2020\/08\/DELPHINE-avatar.png","contentUrl":"https:\/\/healthmanagementdc.ch\/wp-content\/uploads\/2020\/08\/DELPHINE-avatar.png","caption":"Delphine Caprez"},"url":"https:\/\/healthmanagementdc.ch\/fr\/author\/delphine-caprez\/"}]}},"_links":{"self":[{"href":"https:\/\/healthmanagementdc.ch\/fr\/wp-json\/wp\/v2\/posts\/472","targetHints":{"allow":["GET"]}}],"collection":[{"href":"https:\/\/healthmanagementdc.ch\/fr\/wp-json\/wp\/v2\/posts"}],"about":[{"href":"https:\/\/healthmanagementdc.ch\/fr\/wp-json\/wp\/v2\/types\/post"}],"author":[{"embeddable":true,"href":"https:\/\/healthmanagementdc.ch\/fr\/wp-json\/wp\/v2\/users\/2"}],"replies":[{"embeddable":true,"href":"https:\/\/healthmanagementdc.ch\/fr\/wp-json\/wp\/v2\/comments?post=472"}],"version-history":[{"count":8,"href":"https:\/\/healthmanagementdc.ch\/fr\/wp-json\/wp\/v2\/posts\/472\/revisions"}],"predecessor-version":[{"id":936,"href":"https:\/\/healthmanagementdc.ch\/fr\/wp-json\/wp\/v2\/posts\/472\/revisions\/936"}],"wp:featuredmedia":[{"embeddable":true,"href":"https:\/\/healthmanagementdc.ch\/fr\/wp-json\/wp\/v2\/media\/107"}],"wp:attachment":[{"href":"https:\/\/healthmanagementdc.ch\/fr\/wp-json\/wp\/v2\/media?parent=472"}],"wp:term":[{"taxonomy":"category","embeddable":true,"href":"https:\/\/healthmanagementdc.ch\/fr\/wp-json\/wp\/v2\/categories?post=472"},{"taxonomy":"post_tag","embeddable":true,"href":"https:\/\/healthmanagementdc.ch\/fr\/wp-json\/wp\/v2\/tags?post=472"}],"curies":[{"name":"wp","href":"https:\/\/api.w.org\/{rel}","templated":true}]}}