{"id":881,"date":"2020-08-21T09:04:31","date_gmt":"2020-08-21T09:04:31","guid":{"rendered":"https:\/\/healthmanagementdc.ch\/?p=881"},"modified":"2020-11-11T15:26:07","modified_gmt":"2020-11-11T15:26:07","slug":"absenteisme-presenteisme-leaveisme-lequel-devrait-retenir-toute-notre-attention","status":"publish","type":"post","link":"https:\/\/healthmanagementdc.ch\/fr\/absenteisme-presenteisme-leaveisme-lequel-devrait-retenir-toute-notre-attention\/","title":{"rendered":"Absent\u00e9isme, Pr\u00e9sent\u00e9isme, Leaveisme, lequel devrait retenir toute notre attention ?"},"content":{"rendered":"<p><\/p>\r\n<p>Depuis plus de 15 ans, la productivit\u00e9 est attaqu\u00e9e sur deux fronts : d\u2019un c\u00f4t\u00e9 l\u2019absent\u00e9isme et de l\u2019autre le pr\u00e9sent\u00e9isme, chacun cherchant \u00e0 avoir le plus d\u2019impact sur les co\u00fbts directs et indirects des organisations. Et l\u2019arriv\u00e9e il y a peu d\u2019un petit nouveau, le \u2018leaveisme\u2019, a ouvert un troisi\u00e8me front. Malgr\u00e9 cela, cette guerre est tout sauf perdue car plusieurs strat\u00e9gies existent pour r\u00e9duire les co\u00fbts associ\u00e9s \u00e0 la perte de productivit\u00e9.<\/p>\r\n<p>\r\n\r\n<\/p>\r\n<h3><strong>L\u2019absent\u00e9isme en Suisse et en Europe<\/strong><\/h3>\r\n<p><br \/>Nous connaissons tous l\u2019absent\u00e9isme. En Suisse, ainsi que dans beaucoup de pays de l\u2019Union Europ\u00e9enne, les heures d\u2019absence correspondent au temps pendant lequel une personne n\u2019est pas \u00e0 son lieu de travail, alors qu\u2019elle aurait normalement d\u00fb y \u00eatre, ceci d\u00fb \u00e0 la maladie, \u00e0 un accident, \u00e0 un cong\u00e9 maternit\u00e9, au service militaire ou civil, ou \u00e0 des raisons personnelles et\/ou familiales, voir m\u00eame aux intemp\u00e9ries. Les vacances, les jours f\u00e9ri\u00e9s et les absences dues \u00e0 la flexibilit\u00e9 des horaires de travail, ne sont pas consid\u00e9r\u00e9s comme des absences (Office F\u00e9d\u00e9ral de la Statistique, 2019). Toujours en Suisse, les taux d\u2019absent\u00e9isme varient de 2% \u00e0 5% selon le secteur \u00e9conomique.<\/p>\r\n<p>\r\n\r\n\r\n\r\n<\/p>\r\n<p>L\u2019absent\u00e9isme engendre une charge annuelle directe CHF4.2 milliards pour l\u2019\u00e9conomie suisse, selon une \u00e9tude command\u00e9e par le Secr\u00e9tariat d\u2019Etat \u00e0 l\u2019\u00e9conomie SECO. On peut y ajouter les co\u00fbts indirects (perte de productivit\u00e9, d\u00e9sorganisation de l\u2019\u00e9quipe, retards et d\u00e9gradation des conditions de travail) qui repr\u00e9sentent entre 3 et 5 fois plus que les co\u00fbts directs.<\/p>\r\n<p>En Europe, une \u00e9tude de la <a href=\"https:\/\/www.eurofound.europa.eu\/sites\/default\/files\/ef_files\/docs\/ewco\/tn0911039s\/tn0911039s.pdf\">Fondation europ\u00e9enne pour l&rsquo;am\u00e9lioration des conditions de vie et de travail<\/a> a estim\u00e9 que l&rsquo;absent\u00e9isme pourrait co\u00fbter environ 2,5% du PIB. Cela repr\u00e9senterait un co\u00fbt total d&rsquo;absent\u00e9isme de 470 milliards de dollars dans la seule Union Europ\u00e9enne, soit plus du double de celui des \u00c9tats-Unis. Et encore, cela ne repr\u00e9sente que la partie \u00e9merg\u00e9e de l\u2019iceberg.<\/p>\r\n<p>\r\n\r\n<\/p>\r\n<figure><img fetchpriority=\"high\" decoding=\"async\" src=\"https:\/\/healthmanagementdc.ch\/wp-content\/uploads\/2020\/08\/Iceberg.jpg\" alt=\"See the source image\" width=\"454\" height=\"193\" \/><\/figure>\r\n<p>\r\n\r\n<\/p>\r\n<h3><strong>Et qu\u2019en est-il du pr\u00e9sent\u00e9isme?<br \/><\/strong><\/h3>\r\n<p>&nbsp;<\/p>\r\n<h6>Cette notion, th\u00e9oris\u00e9e aux \u00c9tats-Unis il y a plus de 15 ans, est d\u00e9finie par opposition \u00e0 l\u2019absent\u00e9isme pour caract\u00e9riser une situation o\u00f9 un salari\u00e9 est physiquement pr\u00e9sent sur son lieu de travail alors que son \u00e9tat physique ou mental ne lui permet pas d\u2019\u00eatre pleinement productif. L\u2019employ\u00e9 montre un manque de motivation, consid\u00e8re qu\u2019\u00eatre en arr\u00eat maladie est un signe de faiblesse, et de peur de perdre son job ou ses responsabilit\u00e9s, il vient travailler en ignorant ses sympt\u00f4mes physiques et psychologiques. Je me permets ici une distinction entre le concept du pr\u00e9sent\u00e9isme en France ou dans les pays anglo-saxons. En effet le terme a \u00e9t\u00e9 utilis\u00e9 \u00e0 l&rsquo;origine uniquement pour d\u00e9crire le probl\u00e8me des employ\u00e9s qui arrivent au travail alors qu&rsquo;ils ne sont pas physiquement ou mentalement en \u00e9tat, au lieu de rester \u00e0 la maison et de r\u00e9cup\u00e9rer, et ne tenait pas compte du facteur \u2018motivation\u2019. En France, cette maladie du travail insidieuse et difficile \u00e0 d\u00e9crypter rev\u00eat plusieurs visages.<\/h6>\r\n<p>\r\n\r\n\r\n\r\n<\/p>\r\n<h5>On identifie deux formes de pr\u00e9sent\u00e9isme :<\/h5>\r\n<p>\r\n\r\n<\/p>\r\n<ul class=\"wp-block-list\">\r\n<li>Le pr\u00e9sent\u00e9isme contemplatif\u00a0(ou absent\u00e9isme moral) qui consiste \u00e0 \u00eatre pr\u00e9sent au travail mais \u00e0 ne pas travailler concr\u00e8tement. Il peut \u00eatre symptomatique d\u2019une souffrance ou d\u2019une d\u00e9motivation.<\/li>\r\n<li>Le surpr\u00e9sent\u00e9isme\u00a0qui consiste \u00e0 continuer \u00e0 travailler, voire \u00e0\u00a0faire des heures suppl\u00e9mentaires\u00a0alors qu\u2019on est fatigu\u00e9 ou malade. Il s\u2019apparente \u00e0 un surengagement chronique motiv\u00e9 par diverses raisons : valeurs associ\u00e9es au travail, perfectionnisme, culture d\u2019entreprise, charge de travail excessive, peur de perdre son emploi, etc.<\/li>\r\n<\/ul>\r\n<p>\r\n\r\n<\/p>\r\n<p>Cette extension du concept est maintenant \u00e9galement utilis\u00e9e dans les pays anglo-saxons pour inclure les employ\u00e9s qui sont d\u00e9sengag\u00e9s et pas tout \u00e0 fait \u2018pr\u00e9sents\u2019 dans leur travail quotidien.<\/p>\r\n<p>\r\n\r\n<\/p>\r\n<h3><b>Le pr\u00e9sent\u00e9isme peut \u00eatre fatal, et pas seulement pour une question de co\u00fbts<br \/><br \/><\/b><\/h3>\r\n<p>Le pr\u00e9sent\u00e9isme s\u2019av\u00e8re extr\u00eamement n\u00e9faste pour la sant\u00e9 du collaborateur\u00a0en favorisant l\u2019apparition de certaines pathologies pouvant, dans le pire des cas, conduire \u00e0 la mort. Les japonais emploient le terme de \u00ab karoshi \u00bb ou mort par surmenage pour d\u00e9signer le d\u00e9c\u00e8s de cadres ou d\u2019employ\u00e9s de bureau par arr\u00eat cardiaque, vasculaire ou c\u00e9r\u00e9bral, voire suicide faisant suite \u00e0 une charge de travail, un manque de sommeil, une fatigue excessive ou un stress trop important.<\/p>\r\n<p>\r\n\r\n<\/p>\r\n<p>Rien qu\u2019en 2017, selon un rapport du gouvernement japonais, le \u00ab\u00a0karoshi\u00a0\u00bb a fait 191 victimes, alors que la Police reporte cette m\u00eame ann\u00e9e quelques 2000 cas de suicide pour des raisons professionnelle. Le minist\u00e8re du Travail, quant \u00e0 lui, a enregistr\u00e9 plus de 1500 demandes de compensation li\u00e9es \u00e0 des d\u00e9c\u00e8s caus\u00e9s par un exc\u00e8s de travail. Et m\u00eame si les donn\u00e9es varient, le probl\u00e8me reste de taille. Il prend d\u2019ailleurs de plus en plus d\u2019ampleur ces derni\u00e8res ann\u00e9es.<\/p>\r\n<p>Les strat\u00e9gies pour diminuer ces d\u00e9c\u00e8s varient, mais semblent rester vaines. Certains employeurs tentent de forcer leurs employ\u00e9s \u00e0 quitter le travail plus t\u00f4t\u00a0; mais m\u00eame en coupant les routeurs et en \u00e9teignant les lumi\u00e8res, les travailleurs continuent \u00e0 accumuler les heures suppl\u00e9mentaires, principalement pour des raisons financi\u00e8res puisque les salaires sont tr\u00e8s bas. Un japonais sur 5 travaille plus de 80 heures suppl\u00e9mentaires par mois.\u00a0 80 heures suppl\u00e9mentaires par mois, c\u2019est ce qui est consid\u00e9r\u00e9 comme le seuil au-dessus duquel il y a un risque accru de mourir, selon le standard sur les heures de travail de l\u2019Organisation Internationale du Travail (OIT\/ILO).<\/p>\r\n<p>Ce qui est particuli\u00e8rement \u00e9tonnant, c\u2019est de voir \u00e9merger au Japon le m\u00e9tier d\u2019Expert en R\u00e9duction d\u2019heure de travail, ainsi que les primes aux travailleurs qui dorment plus de six heures. Je ne pense pas que nous ayons un jour besoin de ce genre d\u2019encouragement \u00e0 travailler moins dans nos contr\u00e9es, mais on ne sait jamais.<\/p>\r\n<p>\r\n\r\n<\/p>\r\n<h3><strong>Le pr\u00e9sent\u00e9isme, <\/strong><strong>\u00e7<\/strong><strong>a se mesure comment?<\/strong><\/h3>\r\n<p>&nbsp;<\/p>\r\n<p>\r\n\r\n<\/p>\r\n<p>Aujourd\u2019hui en Europe, et avec la situation extraordinaire que nous connaissons depuis l\u2019apparition du COVID-19, les taux de pr\u00e9sent\u00e9isme ont augment\u00e9. Comme quoi, contrairement \u00e0 ce qu\u2019on aurait pu penser, \u00eatre en \u2018home office\u2019 ou en t\u00e9l\u00e9travail comme disent les Fran\u00e7ais, n\u2019a pas r\u00e9solu les probl\u00e8mes de pr\u00e9sent\u00e9isme. Rien qu\u2019au Royaume Uni, pr\u00e8s de la moiti\u00e9 (46%) des Britanniques travaillant \u00e0 distance pendant le confinement ont d\u00e9clar\u00e9 ressentir plus de pression pour \u00eatre \u00ab\u00a0pr\u00e9sents\u00a0\u00bb pour leur employeur et leurs coll\u00e8gues, et plus d&rsquo;un tiers (35%) affirment qu&rsquo;ils avaient continu\u00e9 \u00e0 travailler bien qu\u2019ils ne se sentaient pas bien.<\/p>\r\n<p>\r\n\r\n<\/p>\r\n<p>Ceci a bien \u00e9videmment un co\u00fbt. Bien que nous n\u2019ayons pas encore de chiffres pr\u00e9cis de taux de pr\u00e9sent\u00e9isme pendant et apr\u00e8s le confinement, nous avons n\u00e9anmoins des chiffres datant d\u2019il y a quelques ann\u00e9es qui montrent des taux de pr\u00e9sent\u00e9isme pouvant \u00eatre jusqu\u2019\u00e0 4x plus \u00e9lev\u00e9s que les taux d\u2019absent\u00e9isme. Ces ratios sont articul\u00e9s par l\u2019Institute for Employment Studies dans <a href=\"https:\/\/www.employment-studies.co.uk\/system\/files\/resources\/files\/507_0.pdf\">leur rapport 507<\/a> publi\u00e9 en 2016. En moyenne, en se basant sur plusieurs \u00e9tudes conduites sur le sujet, on estime que le taux de pr\u00e9sent\u00e9isme est 2-4 fois plus \u00e9lev\u00e9 que le taux d\u2019absent\u00e9isme.<\/p>\r\n<p>\r\n\r\n<\/p>\r\n<p>Cependant, cela reste difficile d&rsquo;estimer la pr\u00e9valence du pr\u00e9sent\u00e9isme sur le lieu de travail ou de quantifier la perte de productivit\u00e9. Malgr\u00e9 cela, il existe des mesures, telles que le Health and Work Performance Questionnaire (HPQ) de l\u2019Organisation mondiale de la sant\u00e9 ou encore le Work Limitation Questionnaire (WLQ) d\u00e9velopp\u00e9 par PhD Debra Lerner et l&rsquo;\u00e9quipe de chercheurs du Health Institute of Tufts Medical Center \u00e0 Boston, USA. Le WLQ mesure la sant\u00e9 fonctionnelle li\u00e9e au travail. Il indique \u00e0 quelle fr\u00e9quence les probl\u00e8mes de sant\u00e9 physique ou \u00e9motionnelle emp\u00eachent les employ\u00e9s de fonctionner efficacement. Ce questionnaire est celui utilis\u00e9 dans <a href=\"https:\/\/healthmanagementdc.ch\/fr\/nos-services\/#hra\">notre GPS Sant\u00e9 ou HRA (Health Risk Assessment)<\/a> et nous permet de mesurer de mani\u00e8re chiffr\u00e9e l\u2019impact financier de perte de productivit\u00e9 li\u00e9 au pr\u00e9sent\u00e9isme et \u00e0 l\u2019absent\u00e9isme. Pour vous donner un exemple, voici ci-dessous le r\u00e9sultat chiffr\u00e9 du taux de perte de productivit\u00e9 d\u2019un de mes clients, avec comme vous le voyez un taux de pr\u00e9sent\u00e9isme \u00e9quivalent \u00e0 2x celui de l\u2019absent\u00e9isme.<\/p>\r\n<p>\r\n\r\n<\/p>\r\n<figure><img decoding=\"async\" src=\"https:\/\/healthmanagementdc.ch\/wp-content\/uploads\/2020\/08\/tempsnip-1024x192.png\" alt=\"\" width=\"768\" height=\"144\" \/><\/figure>\r\n<p>\r\n\r\n<\/p>\r\n<p>Notre GPS sant\u00e9 ou HRA va m\u00eame plus loin dans le calcul en chiffrant l\u2019impact financier de la perte de productivit\u00e9 sur la base d\u2019un salaire annuel moyen de US $50\u2019000. Avec un tel r\u00e9sultat, le client en question paie par employ\u00e9 US$ 2\u2019900 en perte de productivit\u00e9, dont $1\u2019950 rien qu\u2019en pr\u00e9sent\u00e9isme. Sachant que ce client a plus de 2000 employ\u00e9s, je vous laisse faire le calcul. Cela fait r\u00e9fl\u00e9chir non ? Mais comment faire pour r\u00e9duire ce taux de pr\u00e9sent\u00e9isme me demanderez-vous ?<\/p>\r\n<p>\r\n\r\n<\/p>\r\n<h3><strong>Comment lutter contre ce fl\u00e9au aux co\u00fbts exorbitants ?<\/strong><\/h3>\r\n<p>&nbsp;<\/p>\r\n<p>\r\n\r\n<\/p>\r\n<p>Tout d\u2019abord, soyez attentif\/ve aux signaux avant-coureurs au sein de vos \u00e9quipes et de votre organisation. En voici quelques-uns qui devraient attirer votre attention :<\/p>\r\n<p>\r\n\r\n<\/p>\r\n<ul class=\"wp-block-list\">\r\n<li><em>Employ\u00e9s fatigu\u00e9s et contractant tous les virus qui passent sans pour autant tomber malade<\/em><\/li>\r\n<li><em>Productivit\u00e9 en baisse, non atteinte des objectifs pourtant revus \u00e0 la baisse<\/em><\/li>\r\n<li><em>Taux d\u2019absent\u00e9isme plus bas que la moyenne, sans raison apparente<\/em><\/li>\r\n<li><em>Taux d\u2019engagement et de motivation en baisse<\/em><\/li>\r\n<li><em>Heures suppl\u00e9mentaires en hausse, sans raison apparentes<\/em><\/li>\r\n<\/ul>\r\n<p>\r\n\r\n<\/p>\r\n<p>Et ensuite, voici plusieurs \u00e9tapes qui vous permettront de faire diminuer vos co\u00fbts de pr\u00e9sent\u00e9isme, et d\u2019absent\u00e9isme par la m\u00eame occasion\u00a0:<\/p>\r\n<p>\r\n\r\n<\/p>\r\n<p>&nbsp;<\/p>\r\n<h6><strong>1. Repenser votre culture d\u2019entreprise<\/strong><\/h6>\r\n<p>Comme pour tout sujet de culture d\u2019entreprise, cela commence en haut de la pyramide. Les membres de votre Comit\u00e9 de direction jouent-ils le \u2018role model\u2019 pour leurs \u00e9quipes, leurs membres prennent-ils des cong\u00e9s lorsqu\u2019ils sont malades, s\u2019autorisent-ils \u00e0 prendre des vacances et \u00e0 se d\u00e9connecter ? Voici une petite anecdote concernant un de mes clients. L\u2019organisation qui m\u2019avait mandat\u00e9e avait un taux de pr\u00e9sent\u00e9isme frisant les 7%, et le directeur HR avec lequel j\u2019\u00e9tais en contact voulait mettre en place une strat\u00e9gie sant\u00e9 pour am\u00e9liorer la chose. Imaginez ma surprise quand, au sortir d\u2019un s\u00e9jour aux urgences pour raison de d\u00e9compensation, il est revenu directement au bureau, sans m\u00eame rentrer \u00e0 la maison\u00a0!<br \/>Est-ce que votre culture d\u2019entreprise encourage voire r\u00e9compense les heures suppl\u00e9mentaires, le travail durant le weekend et durant les cong\u00e9s, la non-d\u00e9connection, la non-prise de vacances, la venue au travail quand on est peu bien ? Je vous laisse r\u00e9pondre \u00e0 ces questions en toute honn\u00eatet\u00e9, vous verrez, adresser des soucis de culture toxique aura un r\u00e9el impact sur votre taux de pr\u00e9sent\u00e9isme, et donc sur votre productivit\u00e9.<\/p>\r\n<p>\r\n\r\n<\/p>\r\n<p>&nbsp;<\/p>\r\n<h6><strong>2.<\/strong> <strong>Mesurer vos taux d\u2019absent\u00e9isme et de pr\u00e9sent\u00e9isme<\/strong><\/h6>\r\n<p>Oui, c\u2019est possible \u00e0 mesurer, comme nous l\u2019avons d\u00e9montr\u00e9 ci-dessus. Investissez dans les bons outils de mesure et suivez avec attention l\u2019\u00e9volution de ces mesures au cours du temps, pour voir si et comment vos actions ont une influence sur vos taux.<\/p>\r\n<p>\r\n\r\n<\/p>\r\n<p>&nbsp;<\/p>\r\n<h6><strong>3. D\u00e9velopper une strat\u00e9gie de sant\u00e9 et de bien-\u00eatre<\/strong><\/h6>\r\n<p>Les \u00e9l\u00e9ments cl\u00e9s de votre strat\u00e9gie pourraient inclure, mais sans se limiter \u00e0\u00a0: une politique de travail et de cong\u00e9 encourageant les horaires flexibles, la prise des vacances, la limitation des heures suppl\u00e9mentaires, un programme d\u2019assistance aux employ\u00e9s (EAP), la priorit\u00e9 sur les comportements bienveillants et soutenants des managers, la formation sur les signes avant-coureurs d\u2019\u00e9puisement, etc.<br \/>Si vous voulez de l\u2019inspiration sur comment mettre sur pied une strat\u00e9gie sant\u00e9, lisez notre <a href=\"https:\/\/healthmanagementdc.ch\/fr\/strategie-de-bien-etre-modele-en-10-etapes\/\">mod\u00e8le en 10 \u00e9tapes<\/a> pour mettre en \u0153uvre une strat\u00e9gie sant\u00e9 efficace.<\/p>\r\n<p>&nbsp;<\/p>\r\n<h6><strong>4. Impl\u00e9menter une gestion des absences claires et bienveillante<\/strong><\/h6>\r\n<p>Les politiques de gestion des absences qui se concentrent uniquement sur les cong\u00e9s de maladie ne fournissent qu\u2019une image partielle des pertes de productivit\u00e9 li\u00e9s \u00e0 la sant\u00e9. L\u2019important est de traiter la maladie\/accident en amont, quand le collaborateur est au travail mais peu bien, et qu\u2019on a d\u00e9j\u00e0 rep\u00e9r\u00e9 ce qu\u2019on appelle des absences perl\u00e9es ou un mal-\u00eatre. Ensuite, si le collaborateur est absent, il est important d\u2019assurer le suivi pendant le cong\u00e9. Et finalement, la derni\u00e8re \u00e9tape de la reprise de travail apr\u00e8s une absence est cruciale pour la r\u00e9ussite du retour, th\u00e9rapeutique ou non. Ces trois \u00e9tapes devraient id\u00e9alement \u00eatre la responsabilit\u00e9 d\u2019un\/e infirmi\u00e8re de sant\u00e9 au travail, permettant ainsi d\u2019un c\u00f4t\u00e9 de conserver le secret m\u00e9dical intact, et de l\u2019autre d\u2019assurer une culture d\u2019absence saine qui donnera confiance aux collaborateurs et diminuera ainsi le taux de pr\u00e9sent\u00e9isme.<\/p>\r\n<p>\r\n\r\n<\/p>\r\n<p>Je ne peux \u00e9videmment pas terminer cet article sans mentionner le leaveism, qui n\u2019a pas encore trouv\u00e9 de traduction en fran\u00e7ais et que je franciserai donc de mani\u00e8re tr\u00e8s originale par&#8230; \u2018leavisme\u2019. Ce terme a \u00e9t\u00e9 invent\u00e9 en 2013 par le Dr Ian Hesketh, chercheur \u00e0 l&rsquo;Universit\u00e9 de Manchester en Angleterre, pour d\u00e9crire le ph\u00e9nom\u00e8ne des employ\u00e9s, trop malades pour travailler, qui utilisent l&rsquo;horaire flexible, leurs cong\u00e9s annuels tels que leurs vacances, leurs jours de repos et d&rsquo;autres r\u00e9gimes de droit \u00e0 des cong\u00e9s pour r\u00e9cup\u00e9rer de leur maladie plut\u00f4t que de prendre des cong\u00e9s maladie. Hesketh a par la suite \u00e9tendu la d\u00e9finition pour inclure les occasions o\u00f9 les employ\u00e9s prenaient du travail \u00e0 la maison et \/ ou en vacances qu&rsquo;ils ne pouvaient pas accomplir en heures de travail r\u00e9mun\u00e9r\u00e9es. Ce terme est \u00e9galement associ\u00e9 \u00e0 un impact n\u00e9gatif sur la sant\u00e9 mentale des employ\u00e9s ainsi qu\u2019\u00e0 des probl\u00e8mes de productivit\u00e9. Bien qu\u2019il repr\u00e9sente une toute nouvelle caract\u00e9ristique de la litt\u00e9rature acad\u00e9mique (principalement britannique), les responsables RH et les cadres britanniques rapportent une grande sensibilisation au \u2018leavisme\u2019 dans leurs organisations. Par exemple, 37% d\u00e9clarent que les employ\u00e9s utilisent leur cong\u00e9 allou\u00e9 quand ils ne sont pas bien, 57% d\u00e9clarent que leurs employ\u00e9s font des heures suppl\u00e9mentaires et 33% d\u00e9clarent que les employ\u00e9s utilisent des cong\u00e9s allou\u00e9s, comme les vacances, pour rattraper leur retard (CIPD, 2018).<\/p>\r\n<p>Si votre motivation est de faire diminuer votre taux d\u2019absent\u00e9isme pour des questions de co\u00fbts, repensez votre strat\u00e9gie. Et si le pr\u00e9sent\u00e9isme n\u2019est pas sur votre radar, faites-en sorte qu\u2019il y soit. Assurez-vous que votre culture encourage et valorise le bien-\u00eatre et la bienveillance, que vos managers ont des comportements qui encouragent leurs \u00e9quipes \u00e0 ne pas masquer leur mal-\u00eatre, et qu\u2019ils comprennent la relation entre absent\u00e9isme et pr\u00e9sent\u00e9isme. Et souvenez-vous que les collaborateurs ont le droit d\u2019\u00eatre malades, et d\u2019ailleurs, ils devraient m\u00eame \u00eatre encourag\u00e9s \u00e0 prendre des cong\u00e9s maladies quand c\u2019est n\u00e9cessaire. Plus ils se sentiront \u2018libres\u2019 d\u2019annoncer leur maladie, sans que cela n\u2019ait de r\u00e9percussions ni sur leur emploi ni sur leurs responsabilit\u00e9s, plus vous pourrez r\u00e9duire vos co\u00fbts exorbitant li\u00e9s au pr\u00e9sent\u00e9isme qui restent le nerf de la guerre de vos co\u00fbts de perte de productivit\u00e9, et ceci bien \u00e9videmment sans augmenter le taux de \u2018leavisme\u2019.<\/p>\r\n<p><\/p>","protected":false},"excerpt":{"rendered":"<p>Depuis plus de 15 ans, la productivit\u00e9 est attaqu\u00e9e sur deux fronts : d\u2019un c\u00f4t\u00e9 l\u2019absent\u00e9isme et de l\u2019autre le pr\u00e9sent\u00e9isme, chacun cherchant \u00e0 avoir le plus d\u2019impact sur les co\u00fbts directs et indirects des organisations. Et l\u2019arriv\u00e9e il y a peu d\u2019un petit nouveau, le \u2018leaveisme\u2019, a ouvert un troisi\u00e8me front. Malgr\u00e9 cela, cette [&hellip;]<\/p>\n","protected":false},"author":2,"featured_media":862,"comment_status":"open","ping_status":"closed","sticky":false,"template":"","format":"standard","meta":{"site-sidebar-layout":"default","site-content-layout":"default","ast-site-content-layout":"default","site-content-style":"default","site-sidebar-style":"default","ast-global-header-display":"","ast-banner-title-visibility":"","ast-main-header-display":"","ast-hfb-above-header-display":"","ast-hfb-below-header-display":"","ast-hfb-mobile-header-display":"","site-post-title":"","ast-breadcrumbs-content":"","ast-featured-img":"","footer-sml-layout":"","ast-disable-related-posts":"","theme-transparent-header-meta":"default","adv-header-id-meta":"","stick-header-meta":"","header-above-stick-meta":"","header-main-stick-meta":"","header-below-stick-meta":"","astra-migrate-meta-layouts":"default","ast-page-background-enabled":"default","ast-page-background-meta":{"desktop":{"background-color":"","background-image":"","background-repeat":"repeat","background-position":"center center","background-size":"auto","background-attachment":"scroll","background-type":"","background-media":"","overlay-type":"","overlay-color":"","overlay-opacity":"","overlay-gradient":""},"tablet":{"background-color":"","background-image":"","background-repeat":"repeat","background-position":"center center","background-size":"auto","background-attachment":"scroll","background-type":"","background-media":"","overlay-type":"","overlay-color":"","overlay-opacity":"","overlay-gradient":""},"mobile":{"background-color":"","background-image":"","background-repeat":"repeat","background-position":"center center","background-size":"auto","background-attachment":"scroll","background-type":"","background-media":"","overlay-type":"","overlay-color":"","overlay-opacity":"","overlay-gradient":""}},"ast-content-background-meta":{"desktop":{"background-color":"var(--ast-global-color-5)","background-image":"","background-repeat":"repeat","background-position":"center center","background-size":"auto","background-attachment":"scroll","background-type":"","background-media":"","overlay-type":"","overlay-color":"","overlay-opacity":"","overlay-gradient":""},"tablet":{"background-color":"var(--ast-global-color-5)","background-image":"","background-repeat":"repeat","background-position":"center center","background-size":"auto","background-attachment":"scroll","background-type":"","background-media":"","overlay-type":"","overlay-color":"","overlay-opacity":"","overlay-gradient":""},"mobile":{"background-color":"var(--ast-global-color-5)","background-image":"","background-repeat":"repeat","background-position":"center center","background-size":"auto","background-attachment":"scroll","background-type":"","background-media":"","overlay-type":"","overlay-color":"","overlay-opacity":"","overlay-gradient":""}},"footnotes":""},"categories":[15],"tags":[],"class_list":["post-881","post","type-post","status-publish","format-standard","has-post-thumbnail","hentry","category-strategie"],"yoast_head":"<!-- This site is optimized with the Yoast SEO plugin v27.3 - https:\/\/yoast.com\/product\/yoast-seo-wordpress\/ -->\n<title>Absent\u00e9isme, Pr\u00e9sent\u00e9isme, Leaveisme, lequel devrait retenir toute notre attention ? - Health Management DC<\/title>\n<meta name=\"robots\" content=\"index, follow, max-snippet:-1, max-image-preview:large, max-video-preview:-1\" \/>\n<link rel=\"canonical\" href=\"https:\/\/healthmanagementdc.ch\/fr\/absenteisme-presenteisme-leaveisme-lequel-devrait-retenir-toute-notre-attention\/\" \/>\n<meta property=\"og:locale\" content=\"fr_FR\" \/>\n<meta property=\"og:type\" content=\"article\" \/>\n<meta property=\"og:title\" content=\"Absent\u00e9isme, Pr\u00e9sent\u00e9isme, Leaveisme, lequel devrait retenir toute notre attention ? - Health Management DC\" \/>\n<meta property=\"og:description\" content=\"Depuis plus de 15 ans, la productivit\u00e9 est attaqu\u00e9e sur deux fronts : d\u2019un c\u00f4t\u00e9 l\u2019absent\u00e9isme et de l\u2019autre le pr\u00e9sent\u00e9isme, chacun cherchant \u00e0 avoir le plus d\u2019impact sur les co\u00fbts directs et indirects des organisations. Et l\u2019arriv\u00e9e il y a peu d\u2019un petit nouveau, le \u2018leaveisme\u2019, a ouvert un troisi\u00e8me front. Malgr\u00e9 cela, cette [&hellip;]\" \/>\n<meta property=\"og:url\" content=\"https:\/\/healthmanagementdc.ch\/fr\/absenteisme-presenteisme-leaveisme-lequel-devrait-retenir-toute-notre-attention\/\" \/>\n<meta property=\"og:site_name\" content=\"Health Management DC\" \/>\n<meta property=\"article:published_time\" content=\"2020-08-21T09:04:31+00:00\" \/>\n<meta property=\"article:modified_time\" content=\"2020-11-11T15:26:07+00:00\" \/>\n<meta property=\"og:image\" content=\"https:\/\/healthmanagementdc.ch\/wp-content\/uploads\/2020\/08\/Presenteeism.jpg\" \/>\n\t<meta property=\"og:image:width\" content=\"819\" \/>\n\t<meta property=\"og:image:height\" content=\"474\" \/>\n\t<meta property=\"og:image:type\" content=\"image\/jpeg\" \/>\n<meta name=\"author\" content=\"Delphine Caprez\" \/>\n<meta name=\"twitter:card\" content=\"summary_large_image\" \/>\n<meta name=\"twitter:label1\" content=\"\u00c9crit par\" \/>\n\t<meta name=\"twitter:data1\" content=\"Delphine Caprez\" \/>\n\t<meta name=\"twitter:label2\" content=\"Dur\u00e9e de lecture estim\u00e9e\" \/>\n\t<meta name=\"twitter:data2\" content=\"13 minutes\" \/>\n<script type=\"application\/ld+json\" class=\"yoast-schema-graph\">{\"@context\":\"https:\\\/\\\/schema.org\",\"@graph\":[{\"@type\":\"Article\",\"@id\":\"https:\\\/\\\/healthmanagementdc.ch\\\/fr\\\/absenteisme-presenteisme-leaveisme-lequel-devrait-retenir-toute-notre-attention\\\/#article\",\"isPartOf\":{\"@id\":\"https:\\\/\\\/healthmanagementdc.ch\\\/fr\\\/absenteisme-presenteisme-leaveisme-lequel-devrait-retenir-toute-notre-attention\\\/\"},\"author\":{\"name\":\"Delphine Caprez\",\"@id\":\"https:\\\/\\\/healthmanagementdc.ch\\\/#\\\/schema\\\/person\\\/c7eeb03ca22f383deabd468430778c78\"},\"headline\":\"Absent\u00e9isme, Pr\u00e9sent\u00e9isme, Leaveisme, lequel devrait retenir toute notre attention ?\",\"datePublished\":\"2020-08-21T09:04:31+00:00\",\"dateModified\":\"2020-11-11T15:26:07+00:00\",\"mainEntityOfPage\":{\"@id\":\"https:\\\/\\\/healthmanagementdc.ch\\\/fr\\\/absenteisme-presenteisme-leaveisme-lequel-devrait-retenir-toute-notre-attention\\\/\"},\"wordCount\":2667,\"commentCount\":0,\"publisher\":{\"@id\":\"https:\\\/\\\/healthmanagementdc.ch\\\/#organization\"},\"image\":{\"@id\":\"https:\\\/\\\/healthmanagementdc.ch\\\/fr\\\/absenteisme-presenteisme-leaveisme-lequel-devrait-retenir-toute-notre-attention\\\/#primaryimage\"},\"thumbnailUrl\":\"https:\\\/\\\/healthmanagementdc.ch\\\/wp-content\\\/uploads\\\/2020\\\/08\\\/Presenteeism.jpg\",\"articleSection\":[\"Strat\u00e9gie\"],\"inLanguage\":\"fr-FR\",\"potentialAction\":[{\"@type\":\"CommentAction\",\"name\":\"Comment\",\"target\":[\"https:\\\/\\\/healthmanagementdc.ch\\\/fr\\\/absenteisme-presenteisme-leaveisme-lequel-devrait-retenir-toute-notre-attention\\\/#respond\"]}]},{\"@type\":\"WebPage\",\"@id\":\"https:\\\/\\\/healthmanagementdc.ch\\\/fr\\\/absenteisme-presenteisme-leaveisme-lequel-devrait-retenir-toute-notre-attention\\\/\",\"url\":\"https:\\\/\\\/healthmanagementdc.ch\\\/fr\\\/absenteisme-presenteisme-leaveisme-lequel-devrait-retenir-toute-notre-attention\\\/\",\"name\":\"Absent\u00e9isme, Pr\u00e9sent\u00e9isme, Leaveisme, lequel devrait retenir toute notre attention ? - Health Management DC\",\"isPartOf\":{\"@id\":\"https:\\\/\\\/healthmanagementdc.ch\\\/#website\"},\"primaryImageOfPage\":{\"@id\":\"https:\\\/\\\/healthmanagementdc.ch\\\/fr\\\/absenteisme-presenteisme-leaveisme-lequel-devrait-retenir-toute-notre-attention\\\/#primaryimage\"},\"image\":{\"@id\":\"https:\\\/\\\/healthmanagementdc.ch\\\/fr\\\/absenteisme-presenteisme-leaveisme-lequel-devrait-retenir-toute-notre-attention\\\/#primaryimage\"},\"thumbnailUrl\":\"https:\\\/\\\/healthmanagementdc.ch\\\/wp-content\\\/uploads\\\/2020\\\/08\\\/Presenteeism.jpg\",\"datePublished\":\"2020-08-21T09:04:31+00:00\",\"dateModified\":\"2020-11-11T15:26:07+00:00\",\"breadcrumb\":{\"@id\":\"https:\\\/\\\/healthmanagementdc.ch\\\/fr\\\/absenteisme-presenteisme-leaveisme-lequel-devrait-retenir-toute-notre-attention\\\/#breadcrumb\"},\"inLanguage\":\"fr-FR\",\"potentialAction\":[{\"@type\":\"ReadAction\",\"target\":[\"https:\\\/\\\/healthmanagementdc.ch\\\/fr\\\/absenteisme-presenteisme-leaveisme-lequel-devrait-retenir-toute-notre-attention\\\/\"]}]},{\"@type\":\"ImageObject\",\"inLanguage\":\"fr-FR\",\"@id\":\"https:\\\/\\\/healthmanagementdc.ch\\\/fr\\\/absenteisme-presenteisme-leaveisme-lequel-devrait-retenir-toute-notre-attention\\\/#primaryimage\",\"url\":\"https:\\\/\\\/healthmanagementdc.ch\\\/wp-content\\\/uploads\\\/2020\\\/08\\\/Presenteeism.jpg\",\"contentUrl\":\"https:\\\/\\\/healthmanagementdc.ch\\\/wp-content\\\/uploads\\\/2020\\\/08\\\/Presenteeism.jpg\",\"width\":819,\"height\":474},{\"@type\":\"BreadcrumbList\",\"@id\":\"https:\\\/\\\/healthmanagementdc.ch\\\/fr\\\/absenteisme-presenteisme-leaveisme-lequel-devrait-retenir-toute-notre-attention\\\/#breadcrumb\",\"itemListElement\":[{\"@type\":\"ListItem\",\"position\":1,\"name\":\"Home\",\"item\":\"https:\\\/\\\/healthmanagementdc.ch\\\/fr\\\/\"},{\"@type\":\"ListItem\",\"position\":2,\"name\":\"Absent\u00e9isme, Pr\u00e9sent\u00e9isme, Leaveisme, lequel devrait retenir toute notre attention ?\"}]},{\"@type\":\"WebSite\",\"@id\":\"https:\\\/\\\/healthmanagementdc.ch\\\/#website\",\"url\":\"https:\\\/\\\/healthmanagementdc.ch\\\/\",\"name\":\"Health Management DC\",\"description\":\"Just another WordPress site\",\"publisher\":{\"@id\":\"https:\\\/\\\/healthmanagementdc.ch\\\/#organization\"},\"potentialAction\":[{\"@type\":\"SearchAction\",\"target\":{\"@type\":\"EntryPoint\",\"urlTemplate\":\"https:\\\/\\\/healthmanagementdc.ch\\\/?s={search_term_string}\"},\"query-input\":{\"@type\":\"PropertyValueSpecification\",\"valueRequired\":true,\"valueName\":\"search_term_string\"}}],\"inLanguage\":\"fr-FR\"},{\"@type\":\"Organization\",\"@id\":\"https:\\\/\\\/healthmanagementdc.ch\\\/#organization\",\"name\":\"Health Management DC\",\"url\":\"https:\\\/\\\/healthmanagementdc.ch\\\/\",\"logo\":{\"@type\":\"ImageObject\",\"inLanguage\":\"fr-FR\",\"@id\":\"https:\\\/\\\/healthmanagementdc.ch\\\/#\\\/schema\\\/logo\\\/image\\\/\",\"url\":\"https:\\\/\\\/healthmanagementdc.ch\\\/wp-content\\\/uploads\\\/2020\\\/08\\\/cropped-logo-hmdc-final-01.png\",\"contentUrl\":\"https:\\\/\\\/healthmanagementdc.ch\\\/wp-content\\\/uploads\\\/2020\\\/08\\\/cropped-logo-hmdc-final-01.png\",\"width\":824,\"height\":215,\"caption\":\"Health Management DC\"},\"image\":{\"@id\":\"https:\\\/\\\/healthmanagementdc.ch\\\/#\\\/schema\\\/logo\\\/image\\\/\"}},{\"@type\":\"Person\",\"@id\":\"https:\\\/\\\/healthmanagementdc.ch\\\/#\\\/schema\\\/person\\\/c7eeb03ca22f383deabd468430778c78\",\"name\":\"Delphine Caprez\",\"image\":{\"@type\":\"ImageObject\",\"inLanguage\":\"fr-FR\",\"@id\":\"https:\\\/\\\/healthmanagementdc.ch\\\/wp-content\\\/uploads\\\/2020\\\/08\\\/DELPHINE-avatar.png\",\"url\":\"https:\\\/\\\/healthmanagementdc.ch\\\/wp-content\\\/uploads\\\/2020\\\/08\\\/DELPHINE-avatar.png\",\"contentUrl\":\"https:\\\/\\\/healthmanagementdc.ch\\\/wp-content\\\/uploads\\\/2020\\\/08\\\/DELPHINE-avatar.png\",\"caption\":\"Delphine Caprez\"},\"url\":\"https:\\\/\\\/healthmanagementdc.ch\\\/fr\\\/author\\\/delphine-caprez\\\/\"}]}<\/script>\n<!-- \/ Yoast SEO plugin. -->","yoast_head_json":{"title":"Absent\u00e9isme, Pr\u00e9sent\u00e9isme, Leaveisme, lequel devrait retenir toute notre attention ? - Health Management DC","robots":{"index":"index","follow":"follow","max-snippet":"max-snippet:-1","max-image-preview":"max-image-preview:large","max-video-preview":"max-video-preview:-1"},"canonical":"https:\/\/healthmanagementdc.ch\/fr\/absenteisme-presenteisme-leaveisme-lequel-devrait-retenir-toute-notre-attention\/","og_locale":"fr_FR","og_type":"article","og_title":"Absent\u00e9isme, Pr\u00e9sent\u00e9isme, Leaveisme, lequel devrait retenir toute notre attention ? - Health Management DC","og_description":"Depuis plus de 15 ans, la productivit\u00e9 est attaqu\u00e9e sur deux fronts : d\u2019un c\u00f4t\u00e9 l\u2019absent\u00e9isme et de l\u2019autre le pr\u00e9sent\u00e9isme, chacun cherchant \u00e0 avoir le plus d\u2019impact sur les co\u00fbts directs et indirects des organisations. Et l\u2019arriv\u00e9e il y a peu d\u2019un petit nouveau, le \u2018leaveisme\u2019, a ouvert un troisi\u00e8me front. Malgr\u00e9 cela, cette [&hellip;]","og_url":"https:\/\/healthmanagementdc.ch\/fr\/absenteisme-presenteisme-leaveisme-lequel-devrait-retenir-toute-notre-attention\/","og_site_name":"Health Management DC","article_published_time":"2020-08-21T09:04:31+00:00","article_modified_time":"2020-11-11T15:26:07+00:00","og_image":[{"width":819,"height":474,"url":"https:\/\/healthmanagementdc.ch\/wp-content\/uploads\/2020\/08\/Presenteeism.jpg","type":"image\/jpeg"}],"author":"Delphine Caprez","twitter_card":"summary_large_image","twitter_misc":{"\u00c9crit par":"Delphine Caprez","Dur\u00e9e de lecture estim\u00e9e":"13 minutes"},"schema":{"@context":"https:\/\/schema.org","@graph":[{"@type":"Article","@id":"https:\/\/healthmanagementdc.ch\/fr\/absenteisme-presenteisme-leaveisme-lequel-devrait-retenir-toute-notre-attention\/#article","isPartOf":{"@id":"https:\/\/healthmanagementdc.ch\/fr\/absenteisme-presenteisme-leaveisme-lequel-devrait-retenir-toute-notre-attention\/"},"author":{"name":"Delphine Caprez","@id":"https:\/\/healthmanagementdc.ch\/#\/schema\/person\/c7eeb03ca22f383deabd468430778c78"},"headline":"Absent\u00e9isme, Pr\u00e9sent\u00e9isme, Leaveisme, lequel devrait retenir toute notre attention ?","datePublished":"2020-08-21T09:04:31+00:00","dateModified":"2020-11-11T15:26:07+00:00","mainEntityOfPage":{"@id":"https:\/\/healthmanagementdc.ch\/fr\/absenteisme-presenteisme-leaveisme-lequel-devrait-retenir-toute-notre-attention\/"},"wordCount":2667,"commentCount":0,"publisher":{"@id":"https:\/\/healthmanagementdc.ch\/#organization"},"image":{"@id":"https:\/\/healthmanagementdc.ch\/fr\/absenteisme-presenteisme-leaveisme-lequel-devrait-retenir-toute-notre-attention\/#primaryimage"},"thumbnailUrl":"https:\/\/healthmanagementdc.ch\/wp-content\/uploads\/2020\/08\/Presenteeism.jpg","articleSection":["Strat\u00e9gie"],"inLanguage":"fr-FR","potentialAction":[{"@type":"CommentAction","name":"Comment","target":["https:\/\/healthmanagementdc.ch\/fr\/absenteisme-presenteisme-leaveisme-lequel-devrait-retenir-toute-notre-attention\/#respond"]}]},{"@type":"WebPage","@id":"https:\/\/healthmanagementdc.ch\/fr\/absenteisme-presenteisme-leaveisme-lequel-devrait-retenir-toute-notre-attention\/","url":"https:\/\/healthmanagementdc.ch\/fr\/absenteisme-presenteisme-leaveisme-lequel-devrait-retenir-toute-notre-attention\/","name":"Absent\u00e9isme, Pr\u00e9sent\u00e9isme, Leaveisme, lequel devrait retenir toute notre attention ? - Health Management DC","isPartOf":{"@id":"https:\/\/healthmanagementdc.ch\/#website"},"primaryImageOfPage":{"@id":"https:\/\/healthmanagementdc.ch\/fr\/absenteisme-presenteisme-leaveisme-lequel-devrait-retenir-toute-notre-attention\/#primaryimage"},"image":{"@id":"https:\/\/healthmanagementdc.ch\/fr\/absenteisme-presenteisme-leaveisme-lequel-devrait-retenir-toute-notre-attention\/#primaryimage"},"thumbnailUrl":"https:\/\/healthmanagementdc.ch\/wp-content\/uploads\/2020\/08\/Presenteeism.jpg","datePublished":"2020-08-21T09:04:31+00:00","dateModified":"2020-11-11T15:26:07+00:00","breadcrumb":{"@id":"https:\/\/healthmanagementdc.ch\/fr\/absenteisme-presenteisme-leaveisme-lequel-devrait-retenir-toute-notre-attention\/#breadcrumb"},"inLanguage":"fr-FR","potentialAction":[{"@type":"ReadAction","target":["https:\/\/healthmanagementdc.ch\/fr\/absenteisme-presenteisme-leaveisme-lequel-devrait-retenir-toute-notre-attention\/"]}]},{"@type":"ImageObject","inLanguage":"fr-FR","@id":"https:\/\/healthmanagementdc.ch\/fr\/absenteisme-presenteisme-leaveisme-lequel-devrait-retenir-toute-notre-attention\/#primaryimage","url":"https:\/\/healthmanagementdc.ch\/wp-content\/uploads\/2020\/08\/Presenteeism.jpg","contentUrl":"https:\/\/healthmanagementdc.ch\/wp-content\/uploads\/2020\/08\/Presenteeism.jpg","width":819,"height":474},{"@type":"BreadcrumbList","@id":"https:\/\/healthmanagementdc.ch\/fr\/absenteisme-presenteisme-leaveisme-lequel-devrait-retenir-toute-notre-attention\/#breadcrumb","itemListElement":[{"@type":"ListItem","position":1,"name":"Home","item":"https:\/\/healthmanagementdc.ch\/fr\/"},{"@type":"ListItem","position":2,"name":"Absent\u00e9isme, Pr\u00e9sent\u00e9isme, Leaveisme, lequel devrait retenir toute notre attention ?"}]},{"@type":"WebSite","@id":"https:\/\/healthmanagementdc.ch\/#website","url":"https:\/\/healthmanagementdc.ch\/","name":"Health Management DC","description":"Just another WordPress site","publisher":{"@id":"https:\/\/healthmanagementdc.ch\/#organization"},"potentialAction":[{"@type":"SearchAction","target":{"@type":"EntryPoint","urlTemplate":"https:\/\/healthmanagementdc.ch\/?s={search_term_string}"},"query-input":{"@type":"PropertyValueSpecification","valueRequired":true,"valueName":"search_term_string"}}],"inLanguage":"fr-FR"},{"@type":"Organization","@id":"https:\/\/healthmanagementdc.ch\/#organization","name":"Health Management DC","url":"https:\/\/healthmanagementdc.ch\/","logo":{"@type":"ImageObject","inLanguage":"fr-FR","@id":"https:\/\/healthmanagementdc.ch\/#\/schema\/logo\/image\/","url":"https:\/\/healthmanagementdc.ch\/wp-content\/uploads\/2020\/08\/cropped-logo-hmdc-final-01.png","contentUrl":"https:\/\/healthmanagementdc.ch\/wp-content\/uploads\/2020\/08\/cropped-logo-hmdc-final-01.png","width":824,"height":215,"caption":"Health Management DC"},"image":{"@id":"https:\/\/healthmanagementdc.ch\/#\/schema\/logo\/image\/"}},{"@type":"Person","@id":"https:\/\/healthmanagementdc.ch\/#\/schema\/person\/c7eeb03ca22f383deabd468430778c78","name":"Delphine Caprez","image":{"@type":"ImageObject","inLanguage":"fr-FR","@id":"https:\/\/healthmanagementdc.ch\/wp-content\/uploads\/2020\/08\/DELPHINE-avatar.png","url":"https:\/\/healthmanagementdc.ch\/wp-content\/uploads\/2020\/08\/DELPHINE-avatar.png","contentUrl":"https:\/\/healthmanagementdc.ch\/wp-content\/uploads\/2020\/08\/DELPHINE-avatar.png","caption":"Delphine Caprez"},"url":"https:\/\/healthmanagementdc.ch\/fr\/author\/delphine-caprez\/"}]}},"_links":{"self":[{"href":"https:\/\/healthmanagementdc.ch\/fr\/wp-json\/wp\/v2\/posts\/881","targetHints":{"allow":["GET"]}}],"collection":[{"href":"https:\/\/healthmanagementdc.ch\/fr\/wp-json\/wp\/v2\/posts"}],"about":[{"href":"https:\/\/healthmanagementdc.ch\/fr\/wp-json\/wp\/v2\/types\/post"}],"author":[{"embeddable":true,"href":"https:\/\/healthmanagementdc.ch\/fr\/wp-json\/wp\/v2\/users\/2"}],"replies":[{"embeddable":true,"href":"https:\/\/healthmanagementdc.ch\/fr\/wp-json\/wp\/v2\/comments?post=881"}],"version-history":[{"count":23,"href":"https:\/\/healthmanagementdc.ch\/fr\/wp-json\/wp\/v2\/posts\/881\/revisions"}],"predecessor-version":[{"id":1018,"href":"https:\/\/healthmanagementdc.ch\/fr\/wp-json\/wp\/v2\/posts\/881\/revisions\/1018"}],"wp:featuredmedia":[{"embeddable":true,"href":"https:\/\/healthmanagementdc.ch\/fr\/wp-json\/wp\/v2\/media\/862"}],"wp:attachment":[{"href":"https:\/\/healthmanagementdc.ch\/fr\/wp-json\/wp\/v2\/media?parent=881"}],"wp:term":[{"taxonomy":"category","embeddable":true,"href":"https:\/\/healthmanagementdc.ch\/fr\/wp-json\/wp\/v2\/categories?post=881"},{"taxonomy":"post_tag","embeddable":true,"href":"https:\/\/healthmanagementdc.ch\/fr\/wp-json\/wp\/v2\/tags?post=881"}],"curies":[{"name":"wp","href":"https:\/\/api.w.org\/{rel}","templated":true}]}}